{"id":21696,"date":"2026-08-26T07:33:58","date_gmt":"2026-08-26T07:33:58","guid":{"rendered":"https:\/\/cannesvillas.fr\/news\/les-meilleurs-biens-immobiliers-pour-liltm-2026\/"},"modified":"2026-09-02T17:45:07","modified_gmt":"2026-09-02T17:45:07","slug":"les-meilleurs-biens-immobiliers-pour-liltm-2026","status":"publish","type":"post","link":"https:\/\/cannesvillas.fr\/fr\/news\/les-meilleurs-biens-immobiliers-pour-liltm-2026\/","title":{"rendered":"Les meilleurs biens immobiliers pour l&rsquo;ILTM 2026"},"content":{"rendered":"\n<h2 class=\"wp-block-heading\">Le cadre id\u00e9al pour une semaine productive<\/h2>\n\n<div style=\"height:20px\" aria-hidden=\"true\" class=\"wp-block-spacer\"><\/div>\n\n<p>L&rsquo;ILTM Cannes rassemble les plus grands noms mondiaux du voyage de luxe, ce qui fait de votre h\u00e9bergement un \u00e9l\u00e9ment essentiel de cette semaine. Que vous receviez des clients, participiez \u00e0 des r\u00e9unions ou prolongiez votre s\u00e9jour sur la C\u00f4te d&rsquo;Azur, le logement id\u00e9al vous offre l&rsquo;espace, l&rsquo;intimit\u00e9 et le confort n\u00e9cessaires pour mener toutes ces activit\u00e9s en toute s\u00e9r\u00e9nit\u00e9. <\/p>\n\n<div style=\"height:10px\" aria-hidden=\"true\" class=\"wp-block-spacer\"><\/div>\n\n<p>Des villas contemporaines donnant sur la M\u00e9diterran\u00e9e aux \u00e9l\u00e9gants domaines priv\u00e9s situ\u00e9s \u00e0 quelques minutes en voiture du Palais des Festivals. Chaque r\u00e9sidence a \u00e9t\u00e9 choisie pour son emplacement, son cachet et sa capacit\u00e9 \u00e0 offrir le cadre id\u00e9al lors de l\u2019un des \u00e9v\u00e9nements les plus importants du secteur. <\/p>\n\n<div style=\"height:10px\" aria-hidden=\"true\" class=\"wp-block-spacer\"><\/div>\n\n<p>Voici quelques-unes de nos villas pr\u00e9f\u00e9r\u00e9es pour l&rsquo;ILTM Cannes 2026 ; chacune d&rsquo;entre elles vous propose une fa\u00e7on diff\u00e9rente de d\u00e9couvrir la C\u00f4te d&rsquo;Azur au-del\u00e0 du salon.<\/p>\n\n<div style=\"height:30px\" aria-hidden=\"true\" class=\"wp-block-spacer\"><\/div>\n\n<h3 class=\"wp-block-heading\" id=\"two-weeks-at-the-oscars\">Le Penthouse<\/h3>\n\n<h5 class=\"wp-block-heading\" id=\"two-weeks-at-the-oscars\"><em>\u00c0 1 \u00e0 2 minutes \u00e0 pied du <em>Palais des Festivals<\/em><\/em><\/h5>\n\n<div style=\"height:10px\" aria-hidden=\"true\" class=\"wp-block-spacer\"><\/div>\n\n<div class=\"wp-block-media-text is-stacked-on-mobile\"><figure class=\"wp-block-media-text__media\"><img fetchpriority=\"high\" decoding=\"async\" width=\"1024\" height=\"683\" src=\"https:\/\/cannesvillas.fr\/wp-content\/uploads\/2023\/10\/Penthouse-on-La-Croisette-for-Rent-1-1024x683.jpeg\" alt=\"\" class=\"wp-image-11956 size-full\" srcset=\"https:\/\/cannesvillas.fr\/wp-content\/uploads\/2023\/10\/Penthouse-on-La-Croisette-for-Rent-1-1024x683.jpeg 1024w, https:\/\/cannesvillas.fr\/wp-content\/uploads\/2023\/10\/Penthouse-on-La-Croisette-for-Rent-1-300x200.jpeg 300w, https:\/\/cannesvillas.fr\/wp-content\/uploads\/2023\/10\/Penthouse-on-La-Croisette-for-Rent-1-768x512.jpeg 768w, https:\/\/cannesvillas.fr\/wp-content\/uploads\/2023\/10\/Penthouse-on-La-Croisette-for-Rent-1-1536x1024.jpeg 1536w, https:\/\/cannesvillas.fr\/wp-content\/uploads\/2023\/10\/Penthouse-on-La-Croisette-for-Rent-1-1568x1045.jpeg 1568w, https:\/\/cannesvillas.fr\/wp-content\/uploads\/2023\/10\/Penthouse-on-La-Croisette-for-Rent-1.jpeg 1920w\" sizes=\"(max-width: 1024px) 100vw, 1024px\" \/><\/figure><div class=\"wp-block-media-text__content\">\n<p>Ce penthouse exceptionnel, situ\u00e9 sur la c\u00e9l\u00e8bre Croisette, offre une superbe terrasse de 183 m2 sur le toit avec une piscine priv\u00e9e. Le logement dispose d&rsquo;un salon spacieux de 100 m\u00b2, id\u00e9al pour recevoir des invit\u00e9s. <\/p>\n\n\n\n<p>Il y a quatre chambres avec salle de bains, dont l&rsquo;une offre une vue imprenable sur la mer.<\/p>\n\n\n\n<p>La terrasse priv\u00e9e sur le toit constitue l&rsquo;un des atouts majeurs de cet appartement : elle est \u00e9quip\u00e9e d&rsquo;une piscine, d&rsquo;une deuxi\u00e8me cuisine enti\u00e8rement fonctionnelle, ainsi que d&rsquo;une douche et de toilettes pour plus de confort.  <\/p>\n<\/div><\/div>\n\n<div style=\"height:100px\" aria-hidden=\"true\" class=\"wp-block-spacer\"><\/div>\n\n<h3 class=\"wp-block-heading has-text-align-right\" id=\"in-all-it-s-glory\">Appartement Le Bardot<\/h3>\n\n<h5 class=\"wp-block-heading has-text-align-right\"><em><em>\u00c0 1 \u00e0 2 minutes \u00e0 pied du <em><em>du Palais des Festivals<\/em><\/em><\/em><\/em><\/h5>\n\n<div style=\"height:10px\" aria-hidden=\"true\" class=\"wp-block-spacer\"><\/div>\n\n<div class=\"wp-block-media-text has-media-on-the-right is-stacked-on-mobile\"><div class=\"wp-block-media-text__content\">\n<p>Cette suite penthouse red\u00e9finit le raffinement gr\u00e2ce \u00e0 son classement 5*+. Elle offre un cadre somptueux pouvant accueillir jusqu&rsquo;\u00e0 six personnes, avec la possibilit\u00e9 d&rsquo;organiser des s\u00e9minaires et d&rsquo;autres \u00e9v\u00e9nements sur simple demande. <\/p>\n\n\n\n<p>Ce penthouse comprend trois chambres \u00e9l\u00e9gamment am\u00e9nag\u00e9es, chacune dot\u00e9e de sa propre salle de bains luxueuse, garantissant ainsi intimit\u00e9 et confort. L&rsquo;une de ces pi\u00e8ces peut \u00eatre am\u00e9nag\u00e9e en bureau ou en espace d&rsquo;exposition, r\u00e9pondant ainsi \u00e0 la fois \u00e0 vos besoins professionnels et \u00e0 vos envies de loisirs. <\/p>\n\n\n\n<p>Le joyau du Bardot est sa magnifique terrasse sur le toit de 170 m\u00e8tres carr\u00e9s. Cet vaste espace ext\u00e9rieur dispose d\u2019une superbe piscine et de toilettes priv\u00e9es, et offre une vue imprenable sur la Croisette. C\u2019est le cadre id\u00e9al pour se d\u00e9tendre ou recevoir des invit\u00e9s.  <\/p>\n\n\n\n<p>Que ce soit pour profiter du soleil au bord de la piscine ou pour d\u00e9couvrir l&rsquo;animation de la Croisette, Le Bardot vous propose une exp\u00e9rience incomparable au c\u0153ur de Cannes.<\/p>\n<\/div><figure class=\"wp-block-media-text__media\"><img decoding=\"async\" width=\"800\" height=\"534\" data-src=\"https:\/\/cannesvillas.fr\/wp-content\/uploads\/2026\/07\/bardot.webp\" alt=\"\" class=\"wp-image-21629 size-full lazyload\" data-srcset=\"https:\/\/cannesvillas.fr\/wp-content\/uploads\/2026\/07\/bardot.webp 800w, https:\/\/cannesvillas.fr\/wp-content\/uploads\/2026\/07\/bardot-300x200.webp 300w, https:\/\/cannesvillas.fr\/wp-content\/uploads\/2026\/07\/bardot-768x513.webp 768w\" data-sizes=\"(max-width: 800px) 100vw, 800px\" src=\"data:image\/svg+xml;base64,PHN2ZyB3aWR0aD0iMSIgaGVpZ2h0PSIxIiB4bWxucz0iaHR0cDovL3d3dy53My5vcmcvMjAwMC9zdmciPjwvc3ZnPg==\" style=\"--smush-placeholder-width: 800px; --smush-placeholder-aspect-ratio: 800\/534;\" \/><\/figure><\/div>\n\n<div style=\"height:100px\" aria-hidden=\"true\" class=\"wp-block-spacer\"><\/div>\n\n<h3 class=\"wp-block-heading\">Villa Le Grand Large<\/h3>\n\n<h5 class=\"wp-block-heading\"><em><strong>Dur\u00e9e<\/strong> <strong>du trajet <\/strong><strong>:<\/strong> <strong>8 \u00e0 10 minutes en voiture <\/strong>jusqu&rsquo;au Palais des Festivals<\/em><\/h5>\n\n<div style=\"height:10px\" aria-hidden=\"true\" class=\"wp-block-spacer\"><\/div>\n\n<div class=\"wp-block-media-text is-stacked-on-mobile\"><figure class=\"wp-block-media-text__media\"><img decoding=\"async\" width=\"1024\" height=\"680\" data-src=\"https:\/\/cannesvillas.fr\/wp-content\/uploads\/2026\/08\/le-grand-large-6-1024x680.webp\" alt=\"\" class=\"wp-image-21672 size-full lazyload\" data-srcset=\"https:\/\/cannesvillas.fr\/wp-content\/uploads\/2026\/08\/le-grand-large-6-1024x680.webp 1024w, https:\/\/cannesvillas.fr\/wp-content\/uploads\/2026\/08\/le-grand-large-6-300x199.webp 300w, https:\/\/cannesvillas.fr\/wp-content\/uploads\/2026\/08\/le-grand-large-6-768x510.webp 768w, https:\/\/cannesvillas.fr\/wp-content\/uploads\/2026\/08\/le-grand-large-6.webp 1500w\" data-sizes=\"(max-width: 1024px) 100vw, 1024px\" src=\"data:image\/svg+xml;base64,PHN2ZyB3aWR0aD0iMSIgaGVpZ2h0PSIxIiB4bWxucz0iaHR0cDovL3d3dy53My5vcmcvMjAwMC9zdmciPjwvc3ZnPg==\" style=\"--smush-placeholder-width: 1024px; --smush-placeholder-aspect-ratio: 1024\/680;\" \/><\/figure><div class=\"wp-block-media-text__content\">\n<p><br\/>Surplombant la baie de Cannes, la Villa Grand Large offre une vue panoramique \u00e0 couper le souffle \u00e0 180\u00b0 sur la mer, s&rsquo;\u00e9tendant de la M\u00e9diterran\u00e9e \u00e0 la Croisette. \u00c0 seulement 10 minutes du centre de Cannes. Cette villa de luxe exceptionnelle allie une intimit\u00e9 totale \u00e0 un acc\u00e8s ais\u00e9 au mode de vie anim\u00e9 de la C\u00f4te d&rsquo;Azur.  <\/p>\n\n\n\n<p>Avec ses 8 suites \u00e9l\u00e9gantes, ses vastes espaces de vie int\u00e9rieurs et ext\u00e9rieurs, sa piscine, son espace fitness et bien-\u00eatre, ainsi que ses cuisines int\u00e9rieures et ext\u00e9rieures enti\u00e8rement \u00e9quip\u00e9es, cette propri\u00e9t\u00e9 est parfaitement con\u00e7ue pour des vacances exclusives, des r\u00e9ceptions priv\u00e9es et des s\u00e9minaires d&rsquo;entreprise<\/p>\n<\/div><\/div>\n\n<div style=\"height:100px\" aria-hidden=\"true\" class=\"wp-block-spacer\"><\/div>\n\n<h3 class=\"wp-block-heading has-text-align-right\">Villa Rosoliel<\/h3>\n\n<h5 class=\"wp-block-heading has-text-align-right\"><em><strong><strong>Dur\u00e9e du trajet \u00e0 pied :<\/strong> 14 \u00e0 16 minutes<\/strong> <em><em>le Palais des Festivals<\/em><\/em><\/em><\/h5>\n\n<h5 class=\"wp-block-heading has-text-align-right\"><em><em><strong>Dur\u00e9e du trajet :<\/strong> <strong>5 \u00e0 8 minutes en voiture <\/strong>jusqu&rsquo;au Palais des Festivals<\/em><\/em><\/h5>\n\n<div style=\"height:10px\" aria-hidden=\"true\" class=\"wp-block-spacer\"><\/div>\n\n<div class=\"wp-block-media-text has-media-on-the-right is-stacked-on-mobile\"><div class=\"wp-block-media-text__content\">\n<p class=\"has-text-align-left\">  Cette propri\u00e9t\u00e9 de 500 m\u00b2 peut accueillir jusqu&rsquo;\u00e0 10 personnes gr\u00e2ce \u00e0 ses quatre chambres \u00e9l\u00e9gantes dot\u00e9es d&rsquo;une salle de bains privative et \u00e0 un studio ind\u00e9pendant. La villa est enti\u00e8rement climatis\u00e9e et con\u00e7ue pour vous offrir confort et d\u00e9tente. <\/p>\n\n\n\n<p class=\"has-text-align-left\">Profitez d&rsquo;une gamme d&rsquo;\u00e9quipements haut de gamme, notamment d&rsquo;un sauna, d&rsquo;un hammam et d&rsquo;une salle de sport. Le grenier am\u00e9nag\u00e9 et climatis\u00e9 est \u00e9quip\u00e9 d&rsquo;un baby-foot et d&rsquo;une t\u00e9l\u00e9vision grand \u00e9cran, id\u00e9aux pour divertir aussi bien les enfants que les adultes. <\/p>\n\n\n\n<p class=\"has-text-align-left\">\u00c0 l&rsquo;ext\u00e9rieur, une piscine chauff\u00e9e (7 x 3,5 m\u00e8tres), plusieurs terrasses, une pergola ombrag\u00e9e, un salon sur le toit et un espace barbecue offrent le cadre id\u00e9al pour profiter de la vie en plein air sur la C\u00f4te d&rsquo;Azur baign\u00e9e de soleil.<\/p>\n<\/div><figure class=\"wp-block-media-text__media\"><img decoding=\"async\" width=\"1024\" height=\"682\" data-src=\"https:\/\/cannesvillas.fr\/wp-content\/uploads\/2025\/05\/Villa-Rosoliel-36-1024x682.jpg\" alt=\"\" class=\"wp-image-15465 size-full lazyload\" data-srcset=\"https:\/\/cannesvillas.fr\/wp-content\/uploads\/2025\/05\/Villa-Rosoliel-36-1024x682.jpg 1024w, https:\/\/cannesvillas.fr\/wp-content\/uploads\/2025\/05\/Villa-Rosoliel-36-300x200.jpg 300w, https:\/\/cannesvillas.fr\/wp-content\/uploads\/2025\/05\/Villa-Rosoliel-36-768x512.jpg 768w, https:\/\/cannesvillas.fr\/wp-content\/uploads\/2025\/05\/Villa-Rosoliel-36-1536x1024.jpg 1536w, https:\/\/cannesvillas.fr\/wp-content\/uploads\/2025\/05\/Villa-Rosoliel-36-1568x1045.jpg 1568w, https:\/\/cannesvillas.fr\/wp-content\/uploads\/2025\/05\/Villa-Rosoliel-36.jpg 2000w\" data-sizes=\"(max-width: 1024px) 100vw, 1024px\" src=\"data:image\/svg+xml;base64,PHN2ZyB3aWR0aD0iMSIgaGVpZ2h0PSIxIiB4bWxucz0iaHR0cDovL3d3dy53My5vcmcvMjAwMC9zdmciPjwvc3ZnPg==\" style=\"--smush-placeholder-width: 1024px; --smush-placeholder-aspect-ratio: 1024\/682;\" \/><\/figure><\/div>\n\n<div style=\"height:100px\" aria-hidden=\"true\" class=\"wp-block-spacer\"><\/div>\n\n<h3 class=\"wp-block-heading\">Trouver votre r\u00e9sidence ILTM<\/h3>\n\n<div style=\"height:10px\" aria-hidden=\"true\" class=\"wp-block-spacer\"><\/div>\n\n<p>Chaque programme de l&rsquo;ILTM est unique, tout comme chaque s\u00e9jour. Que vous pr\u00e9f\u00e9riez \u00eatre \u00e0 deux pas du Palais des Festivals ou vous retirer dans une villa priv\u00e9e surplombant la c\u00f4te, nous vous aiderons \u00e0 trouver un h\u00e9bergement adapt\u00e9 \u00e0 votre fa\u00e7on de travailler, de recevoir et de vous d\u00e9tendre pendant l&rsquo;une des semaines les plus importantes de la C\u00f4te d&rsquo;Azur. <\/p>\n\n<div style=\"height:10px\" aria-hidden=\"true\" class=\"wp-block-spacer\"><\/div>\n\n<p>Nous vous aiderons \u00e0 trouver le logement qui vous convient, dans le quartier id\u00e9al, adapt\u00e9 \u00e0 vos besoins.<\/p>\n\n<div style=\"height:10px\" aria-hidden=\"true\" class=\"wp-block-spacer\"><\/div>\n\n<p><\/p>\n\n<p><\/p>\n","protected":false},"excerpt":{"rendered":"<p>Le cadre id\u00e9al pour une semaine productive L&rsquo;ILTM Cannes rassemble les plus grands noms mondiaux du voyage de luxe, ce qui fait de votre h\u00e9bergement un \u00e9l\u00e9ment essentiel de cette semaine. Que vous receviez des clients, participiez \u00e0 des r\u00e9unions ou prolongiez votre s\u00e9jour sur la C\u00f4te d&rsquo;Azur, le logement id\u00e9al vous offre l&rsquo;espace, l&rsquo;intimit\u00e9&hellip; <a class=\"more-link\" href=\"https:\/\/cannesvillas.fr\/fr\/news\/les-meilleurs-biens-immobiliers-pour-liltm-2026\/\">Poursuivre la lecture <span class=\"screen-reader-text\">Les meilleurs biens immobiliers pour l&rsquo;ILTM 2026<\/span><\/a><\/p>\n","protected":false},"author":11,"featured_media":21683,"comment_status":"open","ping_status":"open","sticky":false,"template":"","format":"standard","meta":{"_acf_changed":false,"footnotes":""},"categories":[58],"tags":[],"class_list":["post-21696","post","type-post","status-publish","format-standard","has-post-thumbnail","hentry","category-non-classifiee","entry"],"acf":[],"yoast_head":"<!-- This site is optimized with the Yoast SEO plugin v28.2 - https:\/\/yoast.com\/product\/yoast-seo-wordpress\/ -->\n<title>Les meilleurs biens immobiliers pour l&#039;ILTM 2026 - Cannes Villas<\/title>\n<meta name=\"description\" content=\"D\u00e9couvrez les meilleures propri\u00e9t\u00e9s pour l&#039;ILTM Cannes 2026. D\u00e9couvrez des villas de luxe situ\u00e9es pr\u00e8s de Cannes, s\u00e9lectionn\u00e9es pour leur acc\u00e8s ais\u00e9 au Palais des Festivals.\" \/>\n<meta name=\"robots\" content=\"index, follow, max-snippet:-1, max-image-preview:large, max-video-preview:-1\" \/>\n<link rel=\"canonical\" href=\"https:\/\/cannesvillas.fr\/fr\/news\/les-meilleurs-biens-immobiliers-pour-liltm-2026\/\" \/>\n<meta property=\"og:locale\" content=\"fr_FR\" \/>\n<meta property=\"og:type\" content=\"article\" \/>\n<meta property=\"og:title\" content=\"Les meilleurs biens immobiliers pour l&#039;ILTM 2026 - Cannes Villas\" \/>\n<meta property=\"og:description\" content=\"D\u00e9couvrez les meilleures propri\u00e9t\u00e9s pour l&#039;ILTM Cannes 2026. D\u00e9couvrez des villas de luxe situ\u00e9es pr\u00e8s de Cannes, s\u00e9lectionn\u00e9es pour leur acc\u00e8s ais\u00e9 au Palais des Festivals.\" \/>\n<meta property=\"og:url\" content=\"https:\/\/cannesvillas.fr\/fr\/news\/les-meilleurs-biens-immobiliers-pour-liltm-2026\/\" \/>\n<meta property=\"og:site_name\" content=\"Cannes Villas\" \/>\n<meta property=\"article:published_time\" content=\"2026-08-26T07:33:58+00:00\" \/>\n<meta property=\"article:modified_time\" content=\"2026-09-02T17:45:07+00:00\" \/>\n<meta property=\"og:image\" content=\"https:\/\/cannesvillas.fr\/wp-content\/uploads\/2026\/08\/jim-thirion-7clevzqDBOA-unsplash-scaled.jpg\" \/>\n\t<meta property=\"og:image:width\" content=\"1707\" \/>\n\t<meta property=\"og:image:height\" content=\"2560\" \/>\n\t<meta property=\"og:image:type\" content=\"image\/jpeg\" \/>\n<meta name=\"author\" content=\"Oliwia\" \/>\n<meta name=\"twitter:card\" content=\"summary_large_image\" \/>\n<meta name=\"twitter:label1\" content=\"\u00c9crit par\" \/>\n\t<meta name=\"twitter:data1\" content=\"Oliwia\" \/>\n\t<meta name=\"twitter:label2\" content=\"Dur\u00e9e de lecture estim\u00e9e\" \/>\n\t<meta name=\"twitter:data2\" content=\"4 minutes\" \/>\n<script type=\"application\/ld+json\" class=\"yoast-schema-graph\">{\"@context\":\"https:\\\/\\\/schema.org\",\"@graph\":[{\"@type\":\"Article\",\"@id\":\"https:\\\/\\\/cannesvillas.fr\\\/fr\\\/news\\\/les-meilleurs-biens-immobiliers-pour-liltm-2026\\\/#article\",\"isPartOf\":{\"@id\":\"https:\\\/\\\/cannesvillas.fr\\\/fr\\\/news\\\/les-meilleurs-biens-immobiliers-pour-liltm-2026\\\/\"},\"author\":{\"name\":\"Oliwia\",\"@id\":\"https:\\\/\\\/cannesvillas.fr\\\/fr\\\/#\\\/schema\\\/person\\\/ab49229e568991af8dadbc75b12ea443\"},\"headline\":\"Les meilleurs biens immobiliers pour l&rsquo;ILTM 2026\",\"datePublished\":\"2026-08-26T07:33:58+00:00\",\"dateModified\":\"2026-09-02T17:45:07+00:00\",\"mainEntityOfPage\":{\"@id\":\"https:\\\/\\\/cannesvillas.fr\\\/fr\\\/news\\\/les-meilleurs-biens-immobiliers-pour-liltm-2026\\\/\"},\"wordCount\":874,\"commentCount\":0,\"publisher\":{\"@id\":\"https:\\\/\\\/cannesvillas.fr\\\/fr\\\/#organization\"},\"image\":{\"@id\":\"https:\\\/\\\/cannesvillas.fr\\\/fr\\\/news\\\/les-meilleurs-biens-immobiliers-pour-liltm-2026\\\/#primaryimage\"},\"thumbnailUrl\":\"https:\\\/\\\/cannesvillas.fr\\\/wp-content\\\/uploads\\\/2026\\\/08\\\/jim-thirion-7clevzqDBOA-unsplash-scaled.jpg\",\"articleSection\":[\"Non classifi\u00e9(e)\"],\"inLanguage\":\"fr-FR\",\"potentialAction\":[{\"@type\":\"CommentAction\",\"name\":\"Comment\",\"target\":[\"https:\\\/\\\/cannesvillas.fr\\\/fr\\\/news\\\/les-meilleurs-biens-immobiliers-pour-liltm-2026\\\/#respond\"]}]},{\"@type\":\"WebPage\",\"@id\":\"https:\\\/\\\/cannesvillas.fr\\\/fr\\\/news\\\/les-meilleurs-biens-immobiliers-pour-liltm-2026\\\/\",\"url\":\"https:\\\/\\\/cannesvillas.fr\\\/fr\\\/news\\\/les-meilleurs-biens-immobiliers-pour-liltm-2026\\\/\",\"name\":\"Les meilleurs biens immobiliers pour l'ILTM 2026 - Cannes Villas\",\"isPartOf\":{\"@id\":\"https:\\\/\\\/cannesvillas.fr\\\/fr\\\/#website\"},\"primaryImageOfPage\":{\"@id\":\"https:\\\/\\\/cannesvillas.fr\\\/fr\\\/news\\\/les-meilleurs-biens-immobiliers-pour-liltm-2026\\\/#primaryimage\"},\"image\":{\"@id\":\"https:\\\/\\\/cannesvillas.fr\\\/fr\\\/news\\\/les-meilleurs-biens-immobiliers-pour-liltm-2026\\\/#primaryimage\"},\"thumbnailUrl\":\"https:\\\/\\\/cannesvillas.fr\\\/wp-content\\\/uploads\\\/2026\\\/08\\\/jim-thirion-7clevzqDBOA-unsplash-scaled.jpg\",\"datePublished\":\"2026-08-26T07:33:58+00:00\",\"dateModified\":\"2026-09-02T17:45:07+00:00\",\"description\":\"D\u00e9couvrez les meilleures propri\u00e9t\u00e9s pour l'ILTM Cannes 2026. D\u00e9couvrez des villas de luxe situ\u00e9es pr\u00e8s de Cannes, s\u00e9lectionn\u00e9es pour leur acc\u00e8s ais\u00e9 au Palais des Festivals.\",\"breadcrumb\":{\"@id\":\"https:\\\/\\\/cannesvillas.fr\\\/fr\\\/news\\\/les-meilleurs-biens-immobiliers-pour-liltm-2026\\\/#breadcrumb\"},\"inLanguage\":\"fr-FR\",\"potentialAction\":[{\"@type\":\"ReadAction\",\"target\":[\"https:\\\/\\\/cannesvillas.fr\\\/fr\\\/news\\\/les-meilleurs-biens-immobiliers-pour-liltm-2026\\\/\"]}]},{\"@type\":\"ImageObject\",\"inLanguage\":\"fr-FR\",\"@id\":\"https:\\\/\\\/cannesvillas.fr\\\/fr\\\/news\\\/les-meilleurs-biens-immobiliers-pour-liltm-2026\\\/#primaryimage\",\"url\":\"https:\\\/\\\/cannesvillas.fr\\\/wp-content\\\/uploads\\\/2026\\\/08\\\/jim-thirion-7clevzqDBOA-unsplash-scaled.jpg\",\"contentUrl\":\"https:\\\/\\\/cannesvillas.fr\\\/wp-content\\\/uploads\\\/2026\\\/08\\\/jim-thirion-7clevzqDBOA-unsplash-scaled.jpg\",\"width\":1707,\"height\":2560,\"caption\":\"cannes ILTM\"},{\"@type\":\"BreadcrumbList\",\"@id\":\"https:\\\/\\\/cannesvillas.fr\\\/fr\\\/news\\\/les-meilleurs-biens-immobiliers-pour-liltm-2026\\\/#breadcrumb\",\"itemListElement\":[{\"@type\":\"ListItem\",\"position\":1,\"name\":\"Home\",\"item\":\"https:\\\/\\\/cannesvillas.fr\\\/fr\\\/\"},{\"@type\":\"ListItem\",\"position\":2,\"name\":\"Les meilleurs biens immobiliers pour l&#8217;ILTM 2026\"}]},{\"@type\":\"WebSite\",\"@id\":\"https:\\\/\\\/cannesvillas.fr\\\/fr\\\/#website\",\"url\":\"https:\\\/\\\/cannesvillas.fr\\\/fr\\\/\",\"name\":\"Cannes Villas\",\"description\":\"Cannes Villas Rental\",\"publisher\":{\"@id\":\"https:\\\/\\\/cannesvillas.fr\\\/fr\\\/#organization\"},\"potentialAction\":[{\"@type\":\"SearchAction\",\"target\":{\"@type\":\"EntryPoint\",\"urlTemplate\":\"https:\\\/\\\/cannesvillas.fr\\\/fr\\\/?s={search_term_string}\"},\"query-input\":{\"@type\":\"PropertyValueSpecification\",\"valueRequired\":true,\"valueName\":\"search_term_string\"}}],\"inLanguage\":\"fr-FR\"},{\"@type\":\"Organization\",\"@id\":\"https:\\\/\\\/cannesvillas.fr\\\/fr\\\/#organization\",\"name\":\"Cannes Villas\",\"url\":\"https:\\\/\\\/cannesvillas.fr\\\/fr\\\/\",\"logo\":{\"@type\":\"ImageObject\",\"inLanguage\":\"fr-FR\",\"@id\":\"https:\\\/\\\/cannesvillas.fr\\\/fr\\\/#\\\/schema\\\/logo\\\/image\\\/\",\"url\":\"https:\\\/\\\/cannesvillas.fr\\\/wp-content\\\/uploads\\\/2022\\\/01\\\/Cannes-Villa-Logo.jpg\",\"contentUrl\":\"https:\\\/\\\/cannesvillas.fr\\\/wp-content\\\/uploads\\\/2022\\\/01\\\/Cannes-Villa-Logo.jpg\",\"width\":1704,\"height\":1704,\"caption\":\"Cannes Villas\"},\"image\":{\"@id\":\"https:\\\/\\\/cannesvillas.fr\\\/fr\\\/#\\\/schema\\\/logo\\\/image\\\/\"}},{\"@type\":\"Person\",\"@id\":\"https:\\\/\\\/cannesvillas.fr\\\/fr\\\/#\\\/schema\\\/person\\\/ab49229e568991af8dadbc75b12ea443\",\"name\":\"Oliwia\",\"image\":{\"@type\":\"ImageObject\",\"inLanguage\":\"fr-FR\",\"@id\":\"https:\\\/\\\/secure.gravatar.com\\\/avatar\\\/045f242bd9963b77f22b7e2129d59bd2aa2a0abb0f5c6464d16caf841d33331a?s=96&d=mm&r=g\",\"url\":\"https:\\\/\\\/secure.gravatar.com\\\/avatar\\\/045f242bd9963b77f22b7e2129d59bd2aa2a0abb0f5c6464d16caf841d33331a?s=96&d=mm&r=g\",\"contentUrl\":\"https:\\\/\\\/secure.gravatar.com\\\/avatar\\\/045f242bd9963b77f22b7e2129d59bd2aa2a0abb0f5c6464d16caf841d33331a?s=96&d=mm&r=g\",\"caption\":\"Oliwia\"}}]}<\/script>\n<!-- \/ Yoast SEO plugin. -->","yoast_head_json":{"title":"Les meilleurs biens immobiliers pour l'ILTM 2026 - Cannes Villas","description":"D\u00e9couvrez les meilleures propri\u00e9t\u00e9s pour l'ILTM Cannes 2026. D\u00e9couvrez des villas de luxe situ\u00e9es pr\u00e8s de Cannes, s\u00e9lectionn\u00e9es pour leur acc\u00e8s ais\u00e9 au Palais des Festivals.","robots":{"index":"index","follow":"follow","max-snippet":"max-snippet:-1","max-image-preview":"max-image-preview:large","max-video-preview":"max-video-preview:-1"},"canonical":"https:\/\/cannesvillas.fr\/fr\/news\/les-meilleurs-biens-immobiliers-pour-liltm-2026\/","og_locale":"fr_FR","og_type":"article","og_title":"Les meilleurs biens immobiliers pour l'ILTM 2026 - Cannes Villas","og_description":"D\u00e9couvrez les meilleures propri\u00e9t\u00e9s pour l'ILTM Cannes 2026. D\u00e9couvrez des villas de luxe situ\u00e9es pr\u00e8s de Cannes, s\u00e9lectionn\u00e9es pour leur acc\u00e8s ais\u00e9 au Palais des Festivals.","og_url":"https:\/\/cannesvillas.fr\/fr\/news\/les-meilleurs-biens-immobiliers-pour-liltm-2026\/","og_site_name":"Cannes Villas","article_published_time":"2026-08-26T07:33:58+00:00","article_modified_time":"2026-09-02T17:45:07+00:00","og_image":[{"width":1707,"height":2560,"url":"https:\/\/cannesvillas.fr\/wp-content\/uploads\/2026\/08\/jim-thirion-7clevzqDBOA-unsplash-scaled.jpg","type":"image\/jpeg"}],"author":"Oliwia","twitter_card":"summary_large_image","twitter_misc":{"\u00c9crit par":"Oliwia","Dur\u00e9e de lecture estim\u00e9e":"4 minutes"},"schema":{"@context":"https:\/\/schema.org","@graph":[{"@type":"Article","@id":"https:\/\/cannesvillas.fr\/fr\/news\/les-meilleurs-biens-immobiliers-pour-liltm-2026\/#article","isPartOf":{"@id":"https:\/\/cannesvillas.fr\/fr\/news\/les-meilleurs-biens-immobiliers-pour-liltm-2026\/"},"author":{"name":"Oliwia","@id":"https:\/\/cannesvillas.fr\/fr\/#\/schema\/person\/ab49229e568991af8dadbc75b12ea443"},"headline":"Les meilleurs biens immobiliers pour l&rsquo;ILTM 2026","datePublished":"2026-08-26T07:33:58+00:00","dateModified":"2026-09-02T17:45:07+00:00","mainEntityOfPage":{"@id":"https:\/\/cannesvillas.fr\/fr\/news\/les-meilleurs-biens-immobiliers-pour-liltm-2026\/"},"wordCount":874,"commentCount":0,"publisher":{"@id":"https:\/\/cannesvillas.fr\/fr\/#organization"},"image":{"@id":"https:\/\/cannesvillas.fr\/fr\/news\/les-meilleurs-biens-immobiliers-pour-liltm-2026\/#primaryimage"},"thumbnailUrl":"https:\/\/cannesvillas.fr\/wp-content\/uploads\/2026\/08\/jim-thirion-7clevzqDBOA-unsplash-scaled.jpg","articleSection":["Non classifi\u00e9(e)"],"inLanguage":"fr-FR","potentialAction":[{"@type":"CommentAction","name":"Comment","target":["https:\/\/cannesvillas.fr\/fr\/news\/les-meilleurs-biens-immobiliers-pour-liltm-2026\/#respond"]}]},{"@type":"WebPage","@id":"https:\/\/cannesvillas.fr\/fr\/news\/les-meilleurs-biens-immobiliers-pour-liltm-2026\/","url":"https:\/\/cannesvillas.fr\/fr\/news\/les-meilleurs-biens-immobiliers-pour-liltm-2026\/","name":"Les meilleurs biens immobiliers pour l'ILTM 2026 - Cannes Villas","isPartOf":{"@id":"https:\/\/cannesvillas.fr\/fr\/#website"},"primaryImageOfPage":{"@id":"https:\/\/cannesvillas.fr\/fr\/news\/les-meilleurs-biens-immobiliers-pour-liltm-2026\/#primaryimage"},"image":{"@id":"https:\/\/cannesvillas.fr\/fr\/news\/les-meilleurs-biens-immobiliers-pour-liltm-2026\/#primaryimage"},"thumbnailUrl":"https:\/\/cannesvillas.fr\/wp-content\/uploads\/2026\/08\/jim-thirion-7clevzqDBOA-unsplash-scaled.jpg","datePublished":"2026-08-26T07:33:58+00:00","dateModified":"2026-09-02T17:45:07+00:00","description":"D\u00e9couvrez les meilleures propri\u00e9t\u00e9s pour l'ILTM Cannes 2026. D\u00e9couvrez des villas de luxe situ\u00e9es pr\u00e8s de Cannes, s\u00e9lectionn\u00e9es pour leur acc\u00e8s ais\u00e9 au Palais des Festivals.","breadcrumb":{"@id":"https:\/\/cannesvillas.fr\/fr\/news\/les-meilleurs-biens-immobiliers-pour-liltm-2026\/#breadcrumb"},"inLanguage":"fr-FR","potentialAction":[{"@type":"ReadAction","target":["https:\/\/cannesvillas.fr\/fr\/news\/les-meilleurs-biens-immobiliers-pour-liltm-2026\/"]}]},{"@type":"ImageObject","inLanguage":"fr-FR","@id":"https:\/\/cannesvillas.fr\/fr\/news\/les-meilleurs-biens-immobiliers-pour-liltm-2026\/#primaryimage","url":"https:\/\/cannesvillas.fr\/wp-content\/uploads\/2026\/08\/jim-thirion-7clevzqDBOA-unsplash-scaled.jpg","contentUrl":"https:\/\/cannesvillas.fr\/wp-content\/uploads\/2026\/08\/jim-thirion-7clevzqDBOA-unsplash-scaled.jpg","width":1707,"height":2560,"caption":"cannes ILTM"},{"@type":"BreadcrumbList","@id":"https:\/\/cannesvillas.fr\/fr\/news\/les-meilleurs-biens-immobiliers-pour-liltm-2026\/#breadcrumb","itemListElement":[{"@type":"ListItem","position":1,"name":"Home","item":"https:\/\/cannesvillas.fr\/fr\/"},{"@type":"ListItem","position":2,"name":"Les meilleurs biens immobiliers pour l&#8217;ILTM 2026"}]},{"@type":"WebSite","@id":"https:\/\/cannesvillas.fr\/fr\/#website","url":"https:\/\/cannesvillas.fr\/fr\/","name":"Cannes Villas","description":"Cannes Villas Rental","publisher":{"@id":"https:\/\/cannesvillas.fr\/fr\/#organization"},"potentialAction":[{"@type":"SearchAction","target":{"@type":"EntryPoint","urlTemplate":"https:\/\/cannesvillas.fr\/fr\/?s={search_term_string}"},"query-input":{"@type":"PropertyValueSpecification","valueRequired":true,"valueName":"search_term_string"}}],"inLanguage":"fr-FR"},{"@type":"Organization","@id":"https:\/\/cannesvillas.fr\/fr\/#organization","name":"Cannes Villas","url":"https:\/\/cannesvillas.fr\/fr\/","logo":{"@type":"ImageObject","inLanguage":"fr-FR","@id":"https:\/\/cannesvillas.fr\/fr\/#\/schema\/logo\/image\/","url":"https:\/\/cannesvillas.fr\/wp-content\/uploads\/2022\/01\/Cannes-Villa-Logo.jpg","contentUrl":"https:\/\/cannesvillas.fr\/wp-content\/uploads\/2022\/01\/Cannes-Villa-Logo.jpg","width":1704,"height":1704,"caption":"Cannes Villas"},"image":{"@id":"https:\/\/cannesvillas.fr\/fr\/#\/schema\/logo\/image\/"}},{"@type":"Person","@id":"https:\/\/cannesvillas.fr\/fr\/#\/schema\/person\/ab49229e568991af8dadbc75b12ea443","name":"Oliwia","image":{"@type":"ImageObject","inLanguage":"fr-FR","@id":"https:\/\/secure.gravatar.com\/avatar\/045f242bd9963b77f22b7e2129d59bd2aa2a0abb0f5c6464d16caf841d33331a?s=96&d=mm&r=g","url":"https:\/\/secure.gravatar.com\/avatar\/045f242bd9963b77f22b7e2129d59bd2aa2a0abb0f5c6464d16caf841d33331a?s=96&d=mm&r=g","contentUrl":"https:\/\/secure.gravatar.com\/avatar\/045f242bd9963b77f22b7e2129d59bd2aa2a0abb0f5c6464d16caf841d33331a?s=96&d=mm&r=g","caption":"Oliwia"}}]}},"distributor_meta":false,"distributor_terms":false,"distributor_media":false,"distributor_original_site_name":"Cannes Villas","distributor_original_site_url":"https:\/\/cannesvillas.fr\/fr\/","push-errors":false,"_links":{"self":[{"href":"https:\/\/cannesvillas.fr\/fr\/wp-json\/wp\/v2\/posts\/21696","targetHints":{"allow":["GET"]}}],"collection":[{"href":"https:\/\/cannesvillas.fr\/fr\/wp-json\/wp\/v2\/posts"}],"about":[{"href":"https:\/\/cannesvillas.fr\/fr\/wp-json\/wp\/v2\/types\/post"}],"author":[{"embeddable":true,"href":"https:\/\/cannesvillas.fr\/fr\/wp-json\/wp\/v2\/users\/11"}],"replies":[{"embeddable":true,"href":"https:\/\/cannesvillas.fr\/fr\/wp-json\/wp\/v2\/comments?post=21696"}],"version-history":[{"count":1,"href":"https:\/\/cannesvillas.fr\/fr\/wp-json\/wp\/v2\/posts\/21696\/revisions"}],"predecessor-version":[{"id":21697,"href":"https:\/\/cannesvillas.fr\/fr\/wp-json\/wp\/v2\/posts\/21696\/revisions\/21697"}],"wp:featuredmedia":[{"embeddable":true,"href":"https:\/\/cannesvillas.fr\/fr\/wp-json\/wp\/v2\/media\/21683"}],"wp:attachment":[{"href":"https:\/\/cannesvillas.fr\/fr\/wp-json\/wp\/v2\/media?parent=21696"}],"wp:term":[{"taxonomy":"category","embeddable":true,"href":"https:\/\/cannesvillas.fr\/fr\/wp-json\/wp\/v2\/categories?post=21696"},{"taxonomy":"post_tag","embeddable":true,"href":"https:\/\/cannesvillas.fr\/fr\/wp-json\/wp\/v2\/tags?post=21696"}],"curies":[{"name":"wp","href":"https:\/\/api.w.org\/{rel}","templated":true}]}}