{"id":21690,"date":"2026-08-26T07:28:50","date_gmt":"2026-08-26T07:28:50","guid":{"rendered":"https:\/\/cannesvillas.fr\/news\/appartements-situes-a-quelques-minutes-a-pied-du-festival-de-la-plaisance-de-cannes\/"},"modified":"2026-09-02T17:45:07","modified_gmt":"2026-09-02T17:45:07","slug":"appartements-situes-a-quelques-minutes-a-pied-du-festival-de-la-plaisance-de-cannes","status":"publish","type":"post","link":"https:\/\/cannesvillas.fr\/fr\/news\/appartements-situes-a-quelques-minutes-a-pied-du-festival-de-la-plaisance-de-cannes\/","title":{"rendered":"Appartements situ\u00e9s \u00e0 quelques minutes \u00e0 pied du Festival de la plaisance de Cannes"},"content":{"rendered":"\n<h2 class=\"wp-block-heading\">D\u00e9couvrez nos appartements de luxe<\/h2>\n\n<div style=\"height:20px\" aria-hidden=\"true\" class=\"wp-block-spacer\"><\/div>\n\n<p>\u00c0 l&rsquo;approche du Festival de la plaisance de Cannes, la C\u00f4te d&rsquo;Azur entame sa transformation annuelle. Les super-yachts reviennent dans la baie de Cannes, les promenades s&rsquo;animent et la ville accueille la communaut\u00e9 internationale des plaisanciers. Le temps d&rsquo;une semaine qui marque un moment fort de la saison.  <\/p>\n\n<div style=\"height:10px\" aria-hidden=\"true\" class=\"wp-block-spacer\"><\/div>\n\n<p>Pour ceux qui planifient leur s\u00e9jour, le choix d&rsquo;un h\u00e9bergement adapt\u00e9 influence autant l&rsquo;exp\u00e9rience que l&rsquo;\u00e9v\u00e9nement lui-m\u00eame.<\/p>\n\n<div style=\"height:10px\" aria-hidden=\"true\" class=\"wp-block-spacer\"><\/div>\n\n<p>La S Collection a le plaisir de vous pr\u00e9senter une s\u00e9lection rigoureuse d\u2019appartements de luxe r\u00e9cemment mis \u00e0 disposition pour le festival. Des penthouses en bord de mer donnant sur la M\u00e9diterran\u00e9e aux r\u00e9sidences magnifiquement r\u00e9nov\u00e9es le long de La Croisette. Chaque bien a \u00e9t\u00e9 choisi pour son emplacement, son design et le confort qu\u2019il offre pendant l\u2019une des semaines les plus anim\u00e9es de la C\u00f4te d\u2019Azur.  <\/p>\n\n<div style=\"height:10px\" aria-hidden=\"true\" class=\"wp-block-spacer\"><\/div>\n\n<p>Certaines viennent tout juste de faire l&rsquo;objet d&rsquo;importants travaux de r\u00e9novation. D&rsquo;autres font leur apparition sur le march\u00e9 locatif pour la premi\u00e8re fois. Toutes offrent des int\u00e9rieurs flambant neufs, des espaces de vie spacieux et des terrasses priv\u00e9es con\u00e7ues pour profiter au mieux de la lumi\u00e8re incomparable de Cannes.  <\/p>\n\n<div style=\"height:10px\" aria-hidden=\"true\" class=\"wp-block-spacer\"><\/div>\n\n<p>Que vous soyez propri\u00e9taire, courtier, exposant ou invit\u00e9, ces r\u00e9sidences vous placent \u00e0 deux pas de Port Canto, du Vieux-Port et du Palais des Festivals. Elles vous offrent l&rsquo;intimit\u00e9 et le confort n\u00e9cessaires pour vous \u00e9loigner un instant de l&rsquo;effervescence de l&rsquo;\u00e9v\u00e9nement quand bon vous semble. <\/p>\n\n<div style=\"height:10px\" aria-hidden=\"true\" class=\"wp-block-spacer\"><\/div>\n\n<p>Les h\u00e9bergements pour les festivals sont toujours tr\u00e8s recherch\u00e9s, en particulier ceux qui allient un emplacement id\u00e9al \u00e0 une v\u00e9ritable qualit\u00e9. Ces nouvelles offres vous offrent une occasion rare de r\u00e9server un logement soign\u00e9, intime et id\u00e9alement situ\u00e9 avant que les dates les plus pris\u00e9es de la saison ne soient enti\u00e8rement compl\u00e8tes. <\/p>\n\n<div style=\"height:10px\" aria-hidden=\"true\" class=\"wp-block-spacer\"><\/div>\n\n<p>C&rsquo;est bien avant m\u00eame de mettre les pieds sur les quais que l&rsquo;on peut admirer certaines des plus belles vues du Festival de la plaisance de Cannes.<\/p>\n\n<div style=\"height:30px\" aria-hidden=\"true\" class=\"wp-block-spacer\"><\/div>\n\n<h3 class=\"wp-block-heading\" id=\"two-weeks-at-the-oscars\">Le Penthouse<\/h3>\n\n<h5 class=\"wp-block-heading\" id=\"two-weeks-at-the-oscars\"><em>\u00c0 1 \u00e0 2 minutes \u00e0 pied du Vieux-Port<\/em><\/h5>\n\n<div style=\"height:10px\" aria-hidden=\"true\" class=\"wp-block-spacer\"><\/div>\n\n<div class=\"wp-block-media-text is-stacked-on-mobile\"><figure class=\"wp-block-media-text__media\"><img fetchpriority=\"high\" decoding=\"async\" width=\"1024\" height=\"683\" src=\"https:\/\/cannesvillas.fr\/wp-content\/uploads\/2023\/10\/Penthouse-on-La-Croisette-for-Rent-1-1024x683.jpeg\" alt=\"\" class=\"wp-image-11956 size-full\" srcset=\"https:\/\/cannesvillas.fr\/wp-content\/uploads\/2023\/10\/Penthouse-on-La-Croisette-for-Rent-1-1024x683.jpeg 1024w, https:\/\/cannesvillas.fr\/wp-content\/uploads\/2023\/10\/Penthouse-on-La-Croisette-for-Rent-1-300x200.jpeg 300w, https:\/\/cannesvillas.fr\/wp-content\/uploads\/2023\/10\/Penthouse-on-La-Croisette-for-Rent-1-768x512.jpeg 768w, https:\/\/cannesvillas.fr\/wp-content\/uploads\/2023\/10\/Penthouse-on-La-Croisette-for-Rent-1-1536x1024.jpeg 1536w, https:\/\/cannesvillas.fr\/wp-content\/uploads\/2023\/10\/Penthouse-on-La-Croisette-for-Rent-1-1568x1045.jpeg 1568w, https:\/\/cannesvillas.fr\/wp-content\/uploads\/2023\/10\/Penthouse-on-La-Croisette-for-Rent-1.jpeg 1920w\" sizes=\"(max-width: 1024px) 100vw, 1024px\" \/><\/figure><div class=\"wp-block-media-text__content\">\n<p>Cet attique exceptionnel de quatre chambres offre un \u00e9quilibre parfait entre intimit\u00e9, espace et art de vivre \u00e0 la C\u00f4te d&rsquo;Azur.  <\/p>\n\n\n\n<p>Au c\u0153ur de cette propri\u00e9t\u00e9 se trouve une remarquable terrasse sur le toit de 183 m\u00b2, dot\u00e9e d&rsquo;une piscine priv\u00e9e, d&rsquo;une cuisine ext\u00e9rieure et offrant une vue panoramique sur la mer. Elle constitue le cadre id\u00e9al pour se d\u00e9tendre au-dessus du littoral cannois. <\/p>\n\n\n\n<p>  \u00c0 l&rsquo;int\u00e9rieur, des espaces de vie spacieux, des chambres \u00e9l\u00e9gantes dot\u00e9es d&rsquo;une salle de bains privative et des \u00e9quipements soigneusement pens\u00e9s vous garantissent un confort absolu, le tout \u00e0 deux pas du Palais des Festivals, de Port Canto et des meilleurs attraits de Cannes pendant le Festival de la voile.<\/p>\n<\/div><\/div>\n\n<div style=\"height:100px\" aria-hidden=\"true\" class=\"wp-block-spacer\"><\/div>\n\n<h3 class=\"wp-block-heading has-text-align-right\" id=\"in-all-it-s-glory\">Appartement Le Bardot<\/h3>\n\n<h5 class=\"wp-block-heading has-text-align-right\"><em><em>\u00c0 1 \u00e0 2 minutes \u00e0 pied du Vieux-Port<\/em><\/em><\/h5>\n\n<div style=\"height:10px\" aria-hidden=\"true\" class=\"wp-block-spacer\"><\/div>\n\n<div class=\"wp-block-media-text has-media-on-the-right is-stacked-on-mobile\"><div class=\"wp-block-media-text__content\">\n<p>Un attique raffin\u00e9 de trois chambres, con\u00e7u pour ceux qui souhaitent \u00eatre au c\u0153ur de Cannes, tout en b\u00e9n\u00e9ficiant d&rsquo;une intimit\u00e9 totale au-dessus de la ville.   <\/p>\n\n\n\n<p>Une terrasse sur le toit de 170 m\u00b2, dot\u00e9e d&rsquo;une piscine priv\u00e9e, donne sur La Croisette. Elle offre un cadre exceptionnel pour se d\u00e9tendre ou recevoir tout au long du festival.   <\/p>\n\n\n\n<p>\u00c0 l&rsquo;int\u00e9rieur, de vastes espaces de vie, des chambres avec salle de bains privative superbement am\u00e9nag\u00e9es et une \u00e9l\u00e9gante cuisine ouverte. Le tout agr\u00e9ment\u00e9 d&rsquo;\u00e9quipements soigneusement pens\u00e9s pour vous offrir un s\u00e9jour des plus agr\u00e9ables dans l&rsquo;un des endroits les plus pris\u00e9s de la C\u00f4te d&rsquo;Azur. <\/p>\n<\/div><figure class=\"wp-block-media-text__media\"><img decoding=\"async\" width=\"800\" height=\"534\" data-src=\"https:\/\/cannesvillas.fr\/wp-content\/uploads\/2026\/07\/bardot.webp\" alt=\"\" class=\"wp-image-21629 size-full lazyload\" data-srcset=\"https:\/\/cannesvillas.fr\/wp-content\/uploads\/2026\/07\/bardot.webp 800w, https:\/\/cannesvillas.fr\/wp-content\/uploads\/2026\/07\/bardot-300x200.webp 300w, https:\/\/cannesvillas.fr\/wp-content\/uploads\/2026\/07\/bardot-768x513.webp 768w\" data-sizes=\"(max-width: 800px) 100vw, 800px\" src=\"data:image\/svg+xml;base64,PHN2ZyB3aWR0aD0iMSIgaGVpZ2h0PSIxIiB4bWxucz0iaHR0cDovL3d3dy53My5vcmcvMjAwMC9zdmciPjwvc3ZnPg==\" style=\"--smush-placeholder-width: 800px; --smush-placeholder-aspect-ratio: 800\/534;\" \/><\/figure><\/div>\n\n<div style=\"height:100px\" aria-hidden=\"true\" class=\"wp-block-spacer\"><\/div>\n\n<h3 class=\"wp-block-heading\">Appartement \u00c2ge d&rsquo;or<\/h3>\n\n<h5 class=\"wp-block-heading\"><em><strong>Dur\u00e9e du trajet \u00e0 pied :<\/strong> <strong>3 \u00e0 4 minutes \u00e0 pied<\/strong> jusqu&rsquo;\u00e0 Port Canto<\/em><\/h5>\n\n<div style=\"height:10px\" aria-hidden=\"true\" class=\"wp-block-spacer\"><\/div>\n\n<div class=\"wp-block-media-text is-stacked-on-mobile\"><figure class=\"wp-block-media-text__media\"><img decoding=\"async\" width=\"768\" height=\"512\" data-src=\"https:\/\/cannesvillas.fr\/wp-content\/uploads\/2026\/07\/golden1.jpg\" alt=\"\" class=\"wp-image-21633 size-full lazyload\" data-srcset=\"https:\/\/cannesvillas.fr\/wp-content\/uploads\/2026\/07\/golden1.jpg 768w, https:\/\/cannesvillas.fr\/wp-content\/uploads\/2026\/07\/golden1-300x200.jpg 300w\" data-sizes=\"(max-width: 768px) 100vw, 768px\" src=\"data:image\/svg+xml;base64,PHN2ZyB3aWR0aD0iMSIgaGVpZ2h0PSIxIiB4bWxucz0iaHR0cDovL3d3dy53My5vcmcvMjAwMC9zdmciPjwvc3ZnPg==\" style=\"--smush-placeholder-width: 768px; --smush-placeholder-aspect-ratio: 768\/512;\" \/><\/figure><div class=\"wp-block-media-text__content\">\n<p><br\/>Situ\u00e9 le long de la Croisette, surplombant Port Canto, le Golden Age vous offre un cadre \u00e0 la fois d\u00e9contract\u00e9 et raffin\u00e9 pour d\u00e9couvrir Cannes sous son meilleur jour.  <\/p>\n\n\n\n<p>Cet \u00e9l\u00e9gant appartement de trois chambres dispose d&rsquo;un espace de vie ouvert et lumineux qui s&rsquo;ouvre sur une terrasse priv\u00e9e offrant une vue imprenable sur la mer, cr\u00e9ant ainsi le cadre id\u00e9al pour commencer ou terminer la journ\u00e9e.  <\/p>\n\n\n\n<p>Con\u00e7ue avec soin, elle dispose de chambres spacieuses dot\u00e9es d&rsquo;une salle de bains privative et offre tout le confort moderne. Elle vous permet d&rsquo;acc\u00e9der facilement \u00e0 Port Canto (secteur de la voile et du courtage). <\/p>\n<\/div><\/div>\n\n<div style=\"height:100px\" aria-hidden=\"true\" class=\"wp-block-spacer\"><\/div>\n\n<h3 class=\"wp-block-heading has-text-align-right\">Villa Garance<\/h3>\n\n<h5 class=\"wp-block-heading has-text-align-right\"><em><strong><strong>Dur\u00e9e du trajet \u00e0 pied :<\/strong> 13 \u00e0 15 minutes<\/strong> <strong>de marche<\/strong> jusqu&rsquo;\u00e0 Port Canto<\/em><\/h5>\n\n<div style=\"height:10px\" aria-hidden=\"true\" class=\"wp-block-spacer\"><\/div>\n\n<div class=\"wp-block-media-text has-media-on-the-right is-stacked-on-mobile\"><div class=\"wp-block-media-text__content\">\n<p class=\"has-text-align-left\">La Villa Garance offre une combinaison rare alliant intimit\u00e9, espaces g\u00e9n\u00e9reux et acc\u00e8s ais\u00e9 au c\u0153ur de Cannes.  <\/p>\n\n\n\n<p class=\"has-text-align-left\">Nich\u00e9e au c\u0153ur de jardins paysagers, cette villa de sept chambres magnifiquement r\u00e9nov\u00e9e est con\u00e7ue pour accueillir vos proches, avec des espaces de vie \u00e9l\u00e9gants s&rsquo;ouvrant sur de vastes terrasses, une piscine priv\u00e9e et un terrain de p\u00e9tanque.  <\/p>\n\n\n\n<p class=\"has-text-align-left\">Que ce soit pour accueillir des coll\u00e8gues lors du Cannes Yachting Festival ou pour passer du temps en famille et entre amis, la Villa Garance vous offre un havre de paix \u00e0 deux pas du front de mer le plus anim\u00e9 de la C\u00f4te d\u2019Azur.<\/p>\n<\/div><figure class=\"wp-block-media-text__media\"><img decoding=\"async\" width=\"1024\" height=\"683\" data-src=\"https:\/\/cannesvillas.fr\/wp-content\/uploads\/2023\/10\/Villa-Garance-for-Rent-1-1024x683.jpeg\" alt=\"\" class=\"wp-image-3180 size-full lazyload\" data-srcset=\"https:\/\/cannesvillas.fr\/wp-content\/uploads\/2023\/10\/Villa-Garance-for-Rent-1-1024x683.jpeg 1024w, https:\/\/cannesvillas.fr\/wp-content\/uploads\/2023\/10\/Villa-Garance-for-Rent-1-300x200.jpeg 300w, https:\/\/cannesvillas.fr\/wp-content\/uploads\/2023\/10\/Villa-Garance-for-Rent-1-768x512.jpeg 768w, https:\/\/cannesvillas.fr\/wp-content\/uploads\/2023\/10\/Villa-Garance-for-Rent-1-1536x1024.jpeg 1536w, https:\/\/cannesvillas.fr\/wp-content\/uploads\/2023\/10\/Villa-Garance-for-Rent-1-2048x1365.jpeg 2048w, https:\/\/cannesvillas.fr\/wp-content\/uploads\/2023\/10\/Villa-Garance-for-Rent-1-1568x1045.jpeg 1568w\" data-sizes=\"(max-width: 1024px) 100vw, 1024px\" src=\"data:image\/svg+xml;base64,PHN2ZyB3aWR0aD0iMSIgaGVpZ2h0PSIxIiB4bWxucz0iaHR0cDovL3d3dy53My5vcmcvMjAwMC9zdmciPjwvc3ZnPg==\" style=\"--smush-placeholder-width: 1024px; --smush-placeholder-aspect-ratio: 1024\/683;\" \/><\/figure><\/div>\n\n<div style=\"height:100px\" aria-hidden=\"true\" class=\"wp-block-spacer\"><\/div>\n\n<p>Les semaines les plus pris\u00e9es de la saison sont souvent r\u00e9serv\u00e9es bien \u00e0 l&rsquo;avance.<\/p>\n\n<div style=\"height:10px\" aria-hidden=\"true\" class=\"wp-block-spacer\"><\/div>\n\n<p>Contact <strong><a href=\"https:\/\/the-s-collection.com\/\">La Collection S<\/a><\/strong> pour d\u00e9couvrir notre derni\u00e8re collection de villas et d&rsquo;appartements-terrasse, acc\u00e9der \u00e0 des offres hors march\u00e9 et recevoir des recommandations personnalis\u00e9es adapt\u00e9es \u00e0 vos projets.<\/p>\n\n<div style=\"height:10px\" aria-hidden=\"true\" class=\"wp-block-spacer\"><\/div>\n\n<p>Nous vous aiderons \u00e0 trouver le logement qui vous convient, dans le quartier id\u00e9al, adapt\u00e9 \u00e0 vos besoins.<\/p>\n\n<div style=\"height:10px\" aria-hidden=\"true\" class=\"wp-block-spacer\"><\/div>\n\n<p><\/p>\n\n<p><\/p>\n","protected":false},"excerpt":{"rendered":"<p>D\u00e9couvrez nos appartements de luxe \u00c0 l&rsquo;approche du Festival de la plaisance de Cannes, la C\u00f4te d&rsquo;Azur entame sa transformation annuelle. Les super-yachts reviennent dans la baie de Cannes, les promenades s&rsquo;animent et la ville accueille la communaut\u00e9 internationale des plaisanciers. Le temps d&rsquo;une semaine qui marque un moment fort de la saison. Pour ceux&hellip; <a class=\"more-link\" href=\"https:\/\/cannesvillas.fr\/fr\/news\/appartements-situes-a-quelques-minutes-a-pied-du-festival-de-la-plaisance-de-cannes\/\">Poursuivre la lecture <span class=\"screen-reader-text\">Appartements situ\u00e9s \u00e0 quelques minutes \u00e0 pied du Festival de la plaisance de Cannes<\/span><\/a><\/p>\n","protected":false},"author":11,"featured_media":4117,"comment_status":"open","ping_status":"open","sticky":false,"template":"","format":"standard","meta":{"_acf_changed":false,"footnotes":""},"categories":[58],"tags":[],"class_list":["post-21690","post","type-post","status-publish","format-standard","has-post-thumbnail","hentry","category-non-classifiee","entry"],"acf":[],"yoast_head":"<!-- This site is optimized with the Yoast SEO plugin v28.2 - https:\/\/yoast.com\/product\/yoast-seo-wordpress\/ -->\n<title>Appartements situ\u00e9s \u00e0 quelques minutes \u00e0 pied du Festival de la plaisance de Cannes - Cannes Villas<\/title>\n<meta name=\"description\" content=\"D\u00e9couvrez des appartements de luxe situ\u00e9s \u00e0 quelques pas du Festival du yachting de Cannes. R\u00e9servez un appartement de prestige sur la Croisette avec The S Collection.\" \/>\n<meta name=\"robots\" content=\"index, follow, max-snippet:-1, max-image-preview:large, max-video-preview:-1\" \/>\n<link rel=\"canonical\" href=\"https:\/\/cannesvillas.fr\/fr\/news\/appartements-situes-a-quelques-minutes-a-pied-du-festival-de-la-plaisance-de-cannes\/\" \/>\n<meta property=\"og:locale\" content=\"fr_FR\" \/>\n<meta property=\"og:type\" content=\"article\" \/>\n<meta property=\"og:title\" content=\"Appartements situ\u00e9s \u00e0 quelques minutes \u00e0 pied du Festival de la plaisance de Cannes - Cannes Villas\" \/>\n<meta property=\"og:description\" content=\"D\u00e9couvrez des appartements de luxe situ\u00e9s \u00e0 quelques pas du Festival du yachting de Cannes. R\u00e9servez un appartement de prestige sur la Croisette avec The S Collection.\" \/>\n<meta property=\"og:url\" content=\"https:\/\/cannesvillas.fr\/fr\/news\/appartements-situes-a-quelques-minutes-a-pied-du-festival-de-la-plaisance-de-cannes\/\" \/>\n<meta property=\"og:site_name\" content=\"Cannes Villas\" \/>\n<meta property=\"article:published_time\" content=\"2026-08-26T07:28:50+00:00\" \/>\n<meta property=\"article:modified_time\" content=\"2026-09-02T17:45:07+00:00\" \/>\n<meta property=\"og:image\" content=\"https:\/\/cannesvillas.fr\/wp-content\/uploads\/2022\/01\/Cannes-Yacht-Charter.jpg\" \/>\n\t<meta property=\"og:image:width\" content=\"2000\" \/>\n\t<meta property=\"og:image:height\" content=\"1333\" \/>\n\t<meta property=\"og:image:type\" content=\"image\/jpeg\" \/>\n<meta name=\"author\" content=\"Oliwia\" \/>\n<meta name=\"twitter:card\" content=\"summary_large_image\" \/>\n<meta name=\"twitter:label1\" content=\"\u00c9crit par\" \/>\n\t<meta name=\"twitter:data1\" content=\"Oliwia\" \/>\n\t<meta name=\"twitter:label2\" content=\"Dur\u00e9e de lecture estim\u00e9e\" \/>\n\t<meta name=\"twitter:data2\" content=\"5 minutes\" \/>\n<script type=\"application\/ld+json\" class=\"yoast-schema-graph\">{\"@context\":\"https:\\\/\\\/schema.org\",\"@graph\":[{\"@type\":\"Article\",\"@id\":\"https:\\\/\\\/cannesvillas.fr\\\/fr\\\/news\\\/appartements-situes-a-quelques-minutes-a-pied-du-festival-de-la-plaisance-de-cannes\\\/#article\",\"isPartOf\":{\"@id\":\"https:\\\/\\\/cannesvillas.fr\\\/fr\\\/news\\\/appartements-situes-a-quelques-minutes-a-pied-du-festival-de-la-plaisance-de-cannes\\\/\"},\"author\":{\"name\":\"Oliwia\",\"@id\":\"https:\\\/\\\/cannesvillas.fr\\\/fr\\\/#\\\/schema\\\/person\\\/ab49229e568991af8dadbc75b12ea443\"},\"headline\":\"Appartements situ\u00e9s \u00e0 quelques minutes \u00e0 pied du Festival de la plaisance de Cannes\",\"datePublished\":\"2026-08-26T07:28:50+00:00\",\"dateModified\":\"2026-09-02T17:45:07+00:00\",\"mainEntityOfPage\":{\"@id\":\"https:\\\/\\\/cannesvillas.fr\\\/fr\\\/news\\\/appartements-situes-a-quelques-minutes-a-pied-du-festival-de-la-plaisance-de-cannes\\\/\"},\"wordCount\":964,\"commentCount\":0,\"publisher\":{\"@id\":\"https:\\\/\\\/cannesvillas.fr\\\/fr\\\/#organization\"},\"image\":{\"@id\":\"https:\\\/\\\/cannesvillas.fr\\\/fr\\\/news\\\/appartements-situes-a-quelques-minutes-a-pied-du-festival-de-la-plaisance-de-cannes\\\/#primaryimage\"},\"thumbnailUrl\":\"https:\\\/\\\/cannesvillas.fr\\\/wp-content\\\/uploads\\\/2022\\\/01\\\/Cannes-Yacht-Charter.jpg\",\"articleSection\":[\"Non classifi\u00e9(e)\"],\"inLanguage\":\"fr-FR\",\"potentialAction\":[{\"@type\":\"CommentAction\",\"name\":\"Comment\",\"target\":[\"https:\\\/\\\/cannesvillas.fr\\\/fr\\\/news\\\/appartements-situes-a-quelques-minutes-a-pied-du-festival-de-la-plaisance-de-cannes\\\/#respond\"]}]},{\"@type\":\"WebPage\",\"@id\":\"https:\\\/\\\/cannesvillas.fr\\\/fr\\\/news\\\/appartements-situes-a-quelques-minutes-a-pied-du-festival-de-la-plaisance-de-cannes\\\/\",\"url\":\"https:\\\/\\\/cannesvillas.fr\\\/fr\\\/news\\\/appartements-situes-a-quelques-minutes-a-pied-du-festival-de-la-plaisance-de-cannes\\\/\",\"name\":\"Appartements situ\u00e9s \u00e0 quelques minutes \u00e0 pied du Festival de la plaisance de Cannes - Cannes Villas\",\"isPartOf\":{\"@id\":\"https:\\\/\\\/cannesvillas.fr\\\/fr\\\/#website\"},\"primaryImageOfPage\":{\"@id\":\"https:\\\/\\\/cannesvillas.fr\\\/fr\\\/news\\\/appartements-situes-a-quelques-minutes-a-pied-du-festival-de-la-plaisance-de-cannes\\\/#primaryimage\"},\"image\":{\"@id\":\"https:\\\/\\\/cannesvillas.fr\\\/fr\\\/news\\\/appartements-situes-a-quelques-minutes-a-pied-du-festival-de-la-plaisance-de-cannes\\\/#primaryimage\"},\"thumbnailUrl\":\"https:\\\/\\\/cannesvillas.fr\\\/wp-content\\\/uploads\\\/2022\\\/01\\\/Cannes-Yacht-Charter.jpg\",\"datePublished\":\"2026-08-26T07:28:50+00:00\",\"dateModified\":\"2026-09-02T17:45:07+00:00\",\"description\":\"D\u00e9couvrez des appartements de luxe situ\u00e9s \u00e0 quelques pas du Festival du yachting de Cannes. R\u00e9servez un appartement de prestige sur la Croisette avec The S Collection.\",\"breadcrumb\":{\"@id\":\"https:\\\/\\\/cannesvillas.fr\\\/fr\\\/news\\\/appartements-situes-a-quelques-minutes-a-pied-du-festival-de-la-plaisance-de-cannes\\\/#breadcrumb\"},\"inLanguage\":\"fr-FR\",\"potentialAction\":[{\"@type\":\"ReadAction\",\"target\":[\"https:\\\/\\\/cannesvillas.fr\\\/fr\\\/news\\\/appartements-situes-a-quelques-minutes-a-pied-du-festival-de-la-plaisance-de-cannes\\\/\"]}]},{\"@type\":\"ImageObject\",\"inLanguage\":\"fr-FR\",\"@id\":\"https:\\\/\\\/cannesvillas.fr\\\/fr\\\/news\\\/appartements-situes-a-quelques-minutes-a-pied-du-festival-de-la-plaisance-de-cannes\\\/#primaryimage\",\"url\":\"https:\\\/\\\/cannesvillas.fr\\\/wp-content\\\/uploads\\\/2022\\\/01\\\/Cannes-Yacht-Charter.jpg\",\"contentUrl\":\"https:\\\/\\\/cannesvillas.fr\\\/wp-content\\\/uploads\\\/2022\\\/01\\\/Cannes-Yacht-Charter.jpg\",\"width\":2000,\"height\":1333},{\"@type\":\"BreadcrumbList\",\"@id\":\"https:\\\/\\\/cannesvillas.fr\\\/fr\\\/news\\\/appartements-situes-a-quelques-minutes-a-pied-du-festival-de-la-plaisance-de-cannes\\\/#breadcrumb\",\"itemListElement\":[{\"@type\":\"ListItem\",\"position\":1,\"name\":\"Home\",\"item\":\"https:\\\/\\\/cannesvillas.fr\\\/fr\\\/\"},{\"@type\":\"ListItem\",\"position\":2,\"name\":\"Appartements situ\u00e9s \u00e0 quelques minutes \u00e0 pied du Festival de la plaisance de Cannes\"}]},{\"@type\":\"WebSite\",\"@id\":\"https:\\\/\\\/cannesvillas.fr\\\/fr\\\/#website\",\"url\":\"https:\\\/\\\/cannesvillas.fr\\\/fr\\\/\",\"name\":\"Cannes Villas\",\"description\":\"Cannes Villas Rental\",\"publisher\":{\"@id\":\"https:\\\/\\\/cannesvillas.fr\\\/fr\\\/#organization\"},\"potentialAction\":[{\"@type\":\"SearchAction\",\"target\":{\"@type\":\"EntryPoint\",\"urlTemplate\":\"https:\\\/\\\/cannesvillas.fr\\\/fr\\\/?s={search_term_string}\"},\"query-input\":{\"@type\":\"PropertyValueSpecification\",\"valueRequired\":true,\"valueName\":\"search_term_string\"}}],\"inLanguage\":\"fr-FR\"},{\"@type\":\"Organization\",\"@id\":\"https:\\\/\\\/cannesvillas.fr\\\/fr\\\/#organization\",\"name\":\"Cannes Villas\",\"url\":\"https:\\\/\\\/cannesvillas.fr\\\/fr\\\/\",\"logo\":{\"@type\":\"ImageObject\",\"inLanguage\":\"fr-FR\",\"@id\":\"https:\\\/\\\/cannesvillas.fr\\\/fr\\\/#\\\/schema\\\/logo\\\/image\\\/\",\"url\":\"https:\\\/\\\/cannesvillas.fr\\\/wp-content\\\/uploads\\\/2022\\\/01\\\/Cannes-Villa-Logo.jpg\",\"contentUrl\":\"https:\\\/\\\/cannesvillas.fr\\\/wp-content\\\/uploads\\\/2022\\\/01\\\/Cannes-Villa-Logo.jpg\",\"width\":1704,\"height\":1704,\"caption\":\"Cannes Villas\"},\"image\":{\"@id\":\"https:\\\/\\\/cannesvillas.fr\\\/fr\\\/#\\\/schema\\\/logo\\\/image\\\/\"}},{\"@type\":\"Person\",\"@id\":\"https:\\\/\\\/cannesvillas.fr\\\/fr\\\/#\\\/schema\\\/person\\\/ab49229e568991af8dadbc75b12ea443\",\"name\":\"Oliwia\",\"image\":{\"@type\":\"ImageObject\",\"inLanguage\":\"fr-FR\",\"@id\":\"https:\\\/\\\/secure.gravatar.com\\\/avatar\\\/045f242bd9963b77f22b7e2129d59bd2aa2a0abb0f5c6464d16caf841d33331a?s=96&d=mm&r=g\",\"url\":\"https:\\\/\\\/secure.gravatar.com\\\/avatar\\\/045f242bd9963b77f22b7e2129d59bd2aa2a0abb0f5c6464d16caf841d33331a?s=96&d=mm&r=g\",\"contentUrl\":\"https:\\\/\\\/secure.gravatar.com\\\/avatar\\\/045f242bd9963b77f22b7e2129d59bd2aa2a0abb0f5c6464d16caf841d33331a?s=96&d=mm&r=g\",\"caption\":\"Oliwia\"}}]}<\/script>\n<!-- \/ Yoast SEO plugin. -->","yoast_head_json":{"title":"Appartements situ\u00e9s \u00e0 quelques minutes \u00e0 pied du Festival de la plaisance de Cannes - Cannes Villas","description":"D\u00e9couvrez des appartements de luxe situ\u00e9s \u00e0 quelques pas du Festival du yachting de Cannes. R\u00e9servez un appartement de prestige sur la Croisette avec The S Collection.","robots":{"index":"index","follow":"follow","max-snippet":"max-snippet:-1","max-image-preview":"max-image-preview:large","max-video-preview":"max-video-preview:-1"},"canonical":"https:\/\/cannesvillas.fr\/fr\/news\/appartements-situes-a-quelques-minutes-a-pied-du-festival-de-la-plaisance-de-cannes\/","og_locale":"fr_FR","og_type":"article","og_title":"Appartements situ\u00e9s \u00e0 quelques minutes \u00e0 pied du Festival de la plaisance de Cannes - Cannes Villas","og_description":"D\u00e9couvrez des appartements de luxe situ\u00e9s \u00e0 quelques pas du Festival du yachting de Cannes. R\u00e9servez un appartement de prestige sur la Croisette avec The S Collection.","og_url":"https:\/\/cannesvillas.fr\/fr\/news\/appartements-situes-a-quelques-minutes-a-pied-du-festival-de-la-plaisance-de-cannes\/","og_site_name":"Cannes Villas","article_published_time":"2026-08-26T07:28:50+00:00","article_modified_time":"2026-09-02T17:45:07+00:00","og_image":[{"width":2000,"height":1333,"url":"https:\/\/cannesvillas.fr\/wp-content\/uploads\/2022\/01\/Cannes-Yacht-Charter.jpg","type":"image\/jpeg"}],"author":"Oliwia","twitter_card":"summary_large_image","twitter_misc":{"\u00c9crit par":"Oliwia","Dur\u00e9e de lecture estim\u00e9e":"5 minutes"},"schema":{"@context":"https:\/\/schema.org","@graph":[{"@type":"Article","@id":"https:\/\/cannesvillas.fr\/fr\/news\/appartements-situes-a-quelques-minutes-a-pied-du-festival-de-la-plaisance-de-cannes\/#article","isPartOf":{"@id":"https:\/\/cannesvillas.fr\/fr\/news\/appartements-situes-a-quelques-minutes-a-pied-du-festival-de-la-plaisance-de-cannes\/"},"author":{"name":"Oliwia","@id":"https:\/\/cannesvillas.fr\/fr\/#\/schema\/person\/ab49229e568991af8dadbc75b12ea443"},"headline":"Appartements situ\u00e9s \u00e0 quelques minutes \u00e0 pied du Festival de la plaisance de Cannes","datePublished":"2026-08-26T07:28:50+00:00","dateModified":"2026-09-02T17:45:07+00:00","mainEntityOfPage":{"@id":"https:\/\/cannesvillas.fr\/fr\/news\/appartements-situes-a-quelques-minutes-a-pied-du-festival-de-la-plaisance-de-cannes\/"},"wordCount":964,"commentCount":0,"publisher":{"@id":"https:\/\/cannesvillas.fr\/fr\/#organization"},"image":{"@id":"https:\/\/cannesvillas.fr\/fr\/news\/appartements-situes-a-quelques-minutes-a-pied-du-festival-de-la-plaisance-de-cannes\/#primaryimage"},"thumbnailUrl":"https:\/\/cannesvillas.fr\/wp-content\/uploads\/2022\/01\/Cannes-Yacht-Charter.jpg","articleSection":["Non classifi\u00e9(e)"],"inLanguage":"fr-FR","potentialAction":[{"@type":"CommentAction","name":"Comment","target":["https:\/\/cannesvillas.fr\/fr\/news\/appartements-situes-a-quelques-minutes-a-pied-du-festival-de-la-plaisance-de-cannes\/#respond"]}]},{"@type":"WebPage","@id":"https:\/\/cannesvillas.fr\/fr\/news\/appartements-situes-a-quelques-minutes-a-pied-du-festival-de-la-plaisance-de-cannes\/","url":"https:\/\/cannesvillas.fr\/fr\/news\/appartements-situes-a-quelques-minutes-a-pied-du-festival-de-la-plaisance-de-cannes\/","name":"Appartements situ\u00e9s \u00e0 quelques minutes \u00e0 pied du Festival de la plaisance de Cannes - Cannes Villas","isPartOf":{"@id":"https:\/\/cannesvillas.fr\/fr\/#website"},"primaryImageOfPage":{"@id":"https:\/\/cannesvillas.fr\/fr\/news\/appartements-situes-a-quelques-minutes-a-pied-du-festival-de-la-plaisance-de-cannes\/#primaryimage"},"image":{"@id":"https:\/\/cannesvillas.fr\/fr\/news\/appartements-situes-a-quelques-minutes-a-pied-du-festival-de-la-plaisance-de-cannes\/#primaryimage"},"thumbnailUrl":"https:\/\/cannesvillas.fr\/wp-content\/uploads\/2022\/01\/Cannes-Yacht-Charter.jpg","datePublished":"2026-08-26T07:28:50+00:00","dateModified":"2026-09-02T17:45:07+00:00","description":"D\u00e9couvrez des appartements de luxe situ\u00e9s \u00e0 quelques pas du Festival du yachting de Cannes. R\u00e9servez un appartement de prestige sur la Croisette avec The S Collection.","breadcrumb":{"@id":"https:\/\/cannesvillas.fr\/fr\/news\/appartements-situes-a-quelques-minutes-a-pied-du-festival-de-la-plaisance-de-cannes\/#breadcrumb"},"inLanguage":"fr-FR","potentialAction":[{"@type":"ReadAction","target":["https:\/\/cannesvillas.fr\/fr\/news\/appartements-situes-a-quelques-minutes-a-pied-du-festival-de-la-plaisance-de-cannes\/"]}]},{"@type":"ImageObject","inLanguage":"fr-FR","@id":"https:\/\/cannesvillas.fr\/fr\/news\/appartements-situes-a-quelques-minutes-a-pied-du-festival-de-la-plaisance-de-cannes\/#primaryimage","url":"https:\/\/cannesvillas.fr\/wp-content\/uploads\/2022\/01\/Cannes-Yacht-Charter.jpg","contentUrl":"https:\/\/cannesvillas.fr\/wp-content\/uploads\/2022\/01\/Cannes-Yacht-Charter.jpg","width":2000,"height":1333},{"@type":"BreadcrumbList","@id":"https:\/\/cannesvillas.fr\/fr\/news\/appartements-situes-a-quelques-minutes-a-pied-du-festival-de-la-plaisance-de-cannes\/#breadcrumb","itemListElement":[{"@type":"ListItem","position":1,"name":"Home","item":"https:\/\/cannesvillas.fr\/fr\/"},{"@type":"ListItem","position":2,"name":"Appartements situ\u00e9s \u00e0 quelques minutes \u00e0 pied du Festival de la plaisance de Cannes"}]},{"@type":"WebSite","@id":"https:\/\/cannesvillas.fr\/fr\/#website","url":"https:\/\/cannesvillas.fr\/fr\/","name":"Cannes Villas","description":"Cannes Villas Rental","publisher":{"@id":"https:\/\/cannesvillas.fr\/fr\/#organization"},"potentialAction":[{"@type":"SearchAction","target":{"@type":"EntryPoint","urlTemplate":"https:\/\/cannesvillas.fr\/fr\/?s={search_term_string}"},"query-input":{"@type":"PropertyValueSpecification","valueRequired":true,"valueName":"search_term_string"}}],"inLanguage":"fr-FR"},{"@type":"Organization","@id":"https:\/\/cannesvillas.fr\/fr\/#organization","name":"Cannes Villas","url":"https:\/\/cannesvillas.fr\/fr\/","logo":{"@type":"ImageObject","inLanguage":"fr-FR","@id":"https:\/\/cannesvillas.fr\/fr\/#\/schema\/logo\/image\/","url":"https:\/\/cannesvillas.fr\/wp-content\/uploads\/2022\/01\/Cannes-Villa-Logo.jpg","contentUrl":"https:\/\/cannesvillas.fr\/wp-content\/uploads\/2022\/01\/Cannes-Villa-Logo.jpg","width":1704,"height":1704,"caption":"Cannes Villas"},"image":{"@id":"https:\/\/cannesvillas.fr\/fr\/#\/schema\/logo\/image\/"}},{"@type":"Person","@id":"https:\/\/cannesvillas.fr\/fr\/#\/schema\/person\/ab49229e568991af8dadbc75b12ea443","name":"Oliwia","image":{"@type":"ImageObject","inLanguage":"fr-FR","@id":"https:\/\/secure.gravatar.com\/avatar\/045f242bd9963b77f22b7e2129d59bd2aa2a0abb0f5c6464d16caf841d33331a?s=96&d=mm&r=g","url":"https:\/\/secure.gravatar.com\/avatar\/045f242bd9963b77f22b7e2129d59bd2aa2a0abb0f5c6464d16caf841d33331a?s=96&d=mm&r=g","contentUrl":"https:\/\/secure.gravatar.com\/avatar\/045f242bd9963b77f22b7e2129d59bd2aa2a0abb0f5c6464d16caf841d33331a?s=96&d=mm&r=g","caption":"Oliwia"}}]}},"distributor_meta":false,"distributor_terms":false,"distributor_media":false,"distributor_original_site_name":"Cannes Villas","distributor_original_site_url":"https:\/\/cannesvillas.fr\/fr\/","push-errors":false,"_links":{"self":[{"href":"https:\/\/cannesvillas.fr\/fr\/wp-json\/wp\/v2\/posts\/21690","targetHints":{"allow":["GET"]}}],"collection":[{"href":"https:\/\/cannesvillas.fr\/fr\/wp-json\/wp\/v2\/posts"}],"about":[{"href":"https:\/\/cannesvillas.fr\/fr\/wp-json\/wp\/v2\/types\/post"}],"author":[{"embeddable":true,"href":"https:\/\/cannesvillas.fr\/fr\/wp-json\/wp\/v2\/users\/11"}],"replies":[{"embeddable":true,"href":"https:\/\/cannesvillas.fr\/fr\/wp-json\/wp\/v2\/comments?post=21690"}],"version-history":[{"count":1,"href":"https:\/\/cannesvillas.fr\/fr\/wp-json\/wp\/v2\/posts\/21690\/revisions"}],"predecessor-version":[{"id":21691,"href":"https:\/\/cannesvillas.fr\/fr\/wp-json\/wp\/v2\/posts\/21690\/revisions\/21691"}],"wp:featuredmedia":[{"embeddable":true,"href":"https:\/\/cannesvillas.fr\/fr\/wp-json\/wp\/v2\/media\/4117"}],"wp:attachment":[{"href":"https:\/\/cannesvillas.fr\/fr\/wp-json\/wp\/v2\/media?parent=21690"}],"wp:term":[{"taxonomy":"category","embeddable":true,"href":"https:\/\/cannesvillas.fr\/fr\/wp-json\/wp\/v2\/categories?post=21690"},{"taxonomy":"post_tag","embeddable":true,"href":"https:\/\/cannesvillas.fr\/fr\/wp-json\/wp\/v2\/tags?post=21690"}],"curies":[{"name":"wp","href":"https:\/\/api.w.org\/{rel}","templated":true}]}}